{"id":1284,"date":"2013-11-26T22:50:17","date_gmt":"2013-11-26T20:50:17","guid":{"rendered":"http:\/\/genblog.dl5sel.de\/?p=1284"},"modified":"2013-12-02T17:06:01","modified_gmt":"2013-12-02T15:06:01","slug":"bamberger-in-opalenica","status":"publish","type":"post","link":"https:\/\/genblog.dl5sel.de\/?p=1284","title":{"rendered":"&#8222;Bamberger&#8220; in Opalenica?"},"content":{"rendered":"<p>Als Folge des &#8222;<a title=\"Wikipedia: Gro\u00dfer Nordischer Krieg\" href=\"http:\/\/de.wikipedia.org\/wiki\/Gro%C3%9Fer_Nordischer_Krieg\" target=\"_blank\">Gro\u00dfen Nordischen Krieges (1700 &#8211; 1721)<\/a>&#8220; und nach einem Ausbruch der Pest in den Jahren 1708 &#8211; 1710 waren die der Stadt Posen geh\u00f6renden D\u00f6rfer regelrecht &#8222;entv\u00f6lkert&#8220;.\u00a0 Nachdem die Versuche des Posener Magistrats, die D\u00f6rfer durch Ansiedlung polnischer Bauern wieder zu beleben, scheiterten, entschlossen sich die Stadtoberh\u00e4upter zur Heranf\u00fchrung deutscher Siedler.<\/p>\n<p>Die Parteinahme der Schweden f\u00fcr die Protestanten w\u00e4hrend der Kriegshandlungen sowie der sich verst\u00e4rkende Einfluss der Jesuiten in der Posener Region f\u00fchrten zur Entscheidung, dass die deutschen Siedler katholischen Glaubens sein sollten. Auf der Seite &#8222;<a title=\"extern: &quot;Historisches Franken&quot;\" href=\"http:\/\/www.historisches-franken.de\/auswanderer2\/kolonisation.htm\" target=\"_blank\">Historisches Franken<\/a>&#8220; werden die m\u00f6glichen Beziehungen zwischen den Bist\u00fcmern Posen und Bamberg erkl\u00e4rt, die zur Ansiedlung von Bauern aus dem Gebiet des Bamberger Bistums in den Posener D\u00f6rfern gef\u00fchrt haben k\u00f6nnen. Eine \u00e4hnliche Darstellung liefert auch Maria Paradowska in ihrem Buch: &#8222;Die Bamberger im Posener Land&#8220; (Bamberg, 1994).<\/p>\n<p>Die &#8222;Bamberger&#8220; genannten Siedler zeichneten sich in der Folgezeit dadurch aus, dass sie um eine schnelle Anpassung an ihre polnische Umgebung bem\u00fcht waren. Dazu geh\u00f6rten neben der Heirat mit polnischen Partnern auch die zunehmende Identifikation mit den Interessen der \u00fcbrigen Bev\u00f6lkerung.<\/p>\n<p>Opalenica liegt westlich von Posen, die Entfernung zwischen den St\u00e4dten betr\u00e4gt etwa 37km. Auch in Opalenica hatten die Kriegshandlungen sowie ein Ausbruch der Pest deutliche Spuren hinterlassen. W\u00e4hrend in der Stadt Opalenica polnische Handwerker und Bauern erfolgreich angesiedelt wurden, blieben die umliegenden D\u00f6rfer weiterhin in einem schlechten Zustand.<\/p>\n<p>Die damaligen Eigent\u00fcmer der Stadt, die Familie Opalinski, haben sicher von der Ansiedlung deutscher Bauern in den Posener D\u00f6rfern und den dabei gemachten Erfahrungen geh\u00f6rt. Die Vermutung, dass auch in der Umgebung von Opalenica &#8222;Bamberger&#8220; angesiedelt wurden, liegt also nahe. Indizien daf\u00fcr wie z.B. die Hochzeit von Deutschen und Polen untereinander, die Zugeh\u00f6rigkeit zum katholischen Glauben sowie die Identifikation mit der polnischen Umgebung sind aus meiner Sicht unverkennbar. <a title=\"Datenbank: Martinus Vogel (1778 - ????)\" href=\"http:\/\/genealogie.dl5sel.de\/individual.php?pid=I120&amp;ged=reinhard\" target=\"_blank\">Martinus Vogel (1778 &#8211; ????)<\/a>, mein UrUrUrGro\u00dfvater hatte nachweislich bereits eine Polin zur Ehefrau.\u00a0<a title=\"Datenbank: Dionizy Vogel (1896 - 1986)\" href=\"http:\/\/genealogie.dl5sel.de\/individual.php?pid=I551&amp;ged=reinhard\" target=\"_blank\">Dionizy Vogel (1896 &#8211; 1986)<\/a>, der w\u00e4hrend des <a title=\"Wikipedia: Posener Aufstand\" href=\"http:\/\/de.wikipedia.org\/wiki\/Posener_Aufstand_%281918%E2%80%931919%29\" target=\"_blank\">Posener Aufstandes (1918 \u2013 1919)<\/a> auf der Seite der polnischen Aufst\u00e4ndischen k\u00e4mpfte, ist ein Nachfahre der Familie Joannis und Anna Rosina Fogiel aus Troszczyn &#8230;<\/p>\n<p>Bisher gibt es keine schriftlichen Beweise f\u00fcr diese Annahme. Ich werde versuchen, diese Arbeitstheorie zu pr\u00fcfen, auch wenn es die Suche nach der bewussten &#8222;Nadel im Heuhaufen&#8220; werden sollte &#8230;<\/p>\n","protected":false},"excerpt":{"rendered":"<p>Als Folge des &#8222;Gro\u00dfen Nordischen Krieges (1700 &#8211; 1721)&#8220; und nach einem Ausbruch der Pest in den Jahren 1708 &#8211; 1710 waren die der Stadt Posen geh\u00f6renden D\u00f6rfer regelrecht &#8222;entv\u00f6lkert&#8220;.\u00a0 Nachdem die Versuche des Posener Magistrats, die D\u00f6rfer durch Ansiedlung polnischer Bauern wieder zu beleben, scheiterten, entschlossen sich die Stadtoberh\u00e4upter zur Heranf\u00fchrung deutscher Siedler. Die [&hellip;]<\/p>\n","protected":false},"author":1,"featured_media":0,"comment_status":"closed","ping_status":"closed","sticky":false,"template":"","format":"standard","meta":{"footnotes":""},"categories":[1],"tags":[],"class_list":["post-1284","post","type-post","status-publish","format-standard","hentry","category-allgemein"],"_links":{"self":[{"href":"https:\/\/genblog.dl5sel.de\/index.php?rest_route=\/wp\/v2\/posts\/1284","targetHints":{"allow":["GET"]}}],"collection":[{"href":"https:\/\/genblog.dl5sel.de\/index.php?rest_route=\/wp\/v2\/posts"}],"about":[{"href":"https:\/\/genblog.dl5sel.de\/index.php?rest_route=\/wp\/v2\/types\/post"}],"author":[{"embeddable":true,"href":"https:\/\/genblog.dl5sel.de\/index.php?rest_route=\/wp\/v2\/users\/1"}],"replies":[{"embeddable":true,"href":"https:\/\/genblog.dl5sel.de\/index.php?rest_route=%2Fwp%2Fv2%2Fcomments&post=1284"}],"version-history":[{"count":8,"href":"https:\/\/genblog.dl5sel.de\/index.php?rest_route=\/wp\/v2\/posts\/1284\/revisions"}],"predecessor-version":[{"id":1292,"href":"https:\/\/genblog.dl5sel.de\/index.php?rest_route=\/wp\/v2\/posts\/1284\/revisions\/1292"}],"wp:attachment":[{"href":"https:\/\/genblog.dl5sel.de\/index.php?rest_route=%2Fwp%2Fv2%2Fmedia&parent=1284"}],"wp:term":[{"taxonomy":"category","embeddable":true,"href":"https:\/\/genblog.dl5sel.de\/index.php?rest_route=%2Fwp%2Fv2%2Fcategories&post=1284"},{"taxonomy":"post_tag","embeddable":true,"href":"https:\/\/genblog.dl5sel.de\/index.php?rest_route=%2Fwp%2Fv2%2Ftags&post=1284"}],"curies":[{"name":"wp","href":"https:\/\/api.w.org\/{rel}","templated":true}]}}