{"id":1607,"date":"2014-08-18T15:14:00","date_gmt":"2014-08-18T13:14:00","guid":{"rendered":"http:\/\/genblog.dl5sel.de\/?p=1607"},"modified":"2014-08-18T15:14:00","modified_gmt":"2014-08-18T13:14:00","slug":"gesucht-anton-carl-august-vogel","status":"publish","type":"post","link":"https:\/\/genblog.dl5sel.de\/?p=1607","title":{"rendered":"gesucht: Anton Carl August Vogel"},"content":{"rendered":"<p>Anton Carl August Vogel wurde am 21.09.1870 als erstes Kind der Eheleute Anton Vogel und Auguste (geb. Lotze) in Guben geboren. Klar, das w\u00e4re mein Gro\u00dfonkel. Aber: Alle Bem\u00fchungen, aus den im Internet zur Verf\u00fcgung stehenden Unterlagen weitere Daten \u00fcber ihn zu erfahren, blieben ohne Erfolg.<\/p>\n<p>Mein Gro\u00dfonkel wurde am 25.09.1870 in der Gubener Stadt- und Hauptkirche getauft. Ich nehme an, dass es eine evangelische Taufe war, obwohl mein Urgro\u00dfvater Anton Vogel katholischer Konfession war. Normalerweise h\u00e4tte ich meinen Gro\u00dfonkel im Konfirmandenverzeichnis der Stadt- und Hauptkirche Guben unter den Jahrg\u00e4ngen 1884 oder 1885 finden m\u00fcssen. Dort taucht er aber nicht auf. F\u00fcr den Konfirmationsjahrgang 1883 stehen im Internet keine Unterlagen zur Verf\u00fcgung.<\/p>\n<p>Ein zweiter Ansatz war demzufolge die Suche in den Sterberegistern im Zeitraum bis 1885. Im <a href=\"http:\/\/www.szukajwarchiwach.pl\/89\/125\/0\/-\/26#tabSkany\" target=\"_blank\">Totenregister f\u00fcr den Zeitraum 01.01.1868 &#8211; 26.12.1885<\/a> konnte ich ihn nicht finden. Standesamtliche Unterlagen \u00fcber Sterbef\u00e4lle aus den Best\u00e4nden des Staatsarchiv in Zielona Gora liegen f\u00fcr Guben erst ab dem 01.01.1876 vor und sind auch nicht l\u00fcckenlos. Schade, so muss ich wohl warten, bis mein Gro\u00dfonkel Anton Carl August Vogel irgendwo zuf\u00e4llig in einem Stammbaum &#8222;auftaucht&#8220; &#8230;<\/p>\n","protected":false},"excerpt":{"rendered":"<p>Anton Carl August Vogel wurde am 21.09.1870 als erstes Kind der Eheleute Anton Vogel und Auguste (geb. Lotze) in Guben geboren. Klar, das w\u00e4re mein Gro\u00dfonkel. Aber: Alle Bem\u00fchungen, aus den im Internet zur Verf\u00fcgung stehenden Unterlagen weitere Daten \u00fcber ihn zu erfahren, blieben ohne Erfolg. Mein Gro\u00dfonkel wurde am 25.09.1870 in der Gubener Stadt- [&hellip;]<\/p>\n","protected":false},"author":1,"featured_media":0,"comment_status":"closed","ping_status":"closed","sticky":false,"template":"","format":"standard","meta":{"footnotes":""},"categories":[2],"tags":[],"class_list":["post-1607","post","type-post","status-publish","format-standard","hentry","category-forschungsergebnisse"],"_links":{"self":[{"href":"https:\/\/genblog.dl5sel.de\/index.php?rest_route=\/wp\/v2\/posts\/1607","targetHints":{"allow":["GET"]}}],"collection":[{"href":"https:\/\/genblog.dl5sel.de\/index.php?rest_route=\/wp\/v2\/posts"}],"about":[{"href":"https:\/\/genblog.dl5sel.de\/index.php?rest_route=\/wp\/v2\/types\/post"}],"author":[{"embeddable":true,"href":"https:\/\/genblog.dl5sel.de\/index.php?rest_route=\/wp\/v2\/users\/1"}],"replies":[{"embeddable":true,"href":"https:\/\/genblog.dl5sel.de\/index.php?rest_route=%2Fwp%2Fv2%2Fcomments&post=1607"}],"version-history":[{"count":2,"href":"https:\/\/genblog.dl5sel.de\/index.php?rest_route=\/wp\/v2\/posts\/1607\/revisions"}],"predecessor-version":[{"id":1609,"href":"https:\/\/genblog.dl5sel.de\/index.php?rest_route=\/wp\/v2\/posts\/1607\/revisions\/1609"}],"wp:attachment":[{"href":"https:\/\/genblog.dl5sel.de\/index.php?rest_route=%2Fwp%2Fv2%2Fmedia&parent=1607"}],"wp:term":[{"taxonomy":"category","embeddable":true,"href":"https:\/\/genblog.dl5sel.de\/index.php?rest_route=%2Fwp%2Fv2%2Fcategories&post=1607"},{"taxonomy":"post_tag","embeddable":true,"href":"https:\/\/genblog.dl5sel.de\/index.php?rest_route=%2Fwp%2Fv2%2Ftags&post=1607"}],"curies":[{"name":"wp","href":"https:\/\/api.w.org\/{rel}","templated":true}]}}