{"id":1884,"date":"2018-08-09T16:27:39","date_gmt":"2018-08-09T14:27:39","guid":{"rendered":"http:\/\/genblog.dl5sel.de\/?p=1884"},"modified":"2018-08-16T16:35:22","modified_gmt":"2018-08-16T14:35:22","slug":"clara-fugl","status":"publish","type":"post","link":"https:\/\/genblog.dl5sel.de\/?p=1884","title":{"rendered":"Clara Fugl (1754 &#8211; 1810)"},"content":{"rendered":"<p>In einem fr\u00fcheren Beitrag hatte ich \u00fcber den <a href=\"http:\/\/genblog.dl5sel.de\/?p=1405\" target=\"_blank\" rel=\"noopener\">Taufeintrag von Clara Fugl (1754 &#8211; 1810)<\/a> zur Taufe am 16.04.1754 berichtet. Bei der Aufkl\u00e4rung des weiteren Lebensweges gab es einen Hinweis \u00fcber die Seite MyHeritage.de. Clara heiratete <a href=\"http:\/\/genealogie.dl5sel.de\/individual.php?pid=I512&amp;ged=reinhard\" target=\"_blank\" rel=\"noopener\">Antoni Karge (1736 &#8211; 1821)<\/a> und ist damit die Gro\u00dfmutter des wahrscheinlich ber\u00fchmtesten Sohnes der Stadt Opalenica: <a href=\"http:\/\/genealogie.dl5sel.de\/individual.php?pid=I828&amp;ged=reinhard\" target=\"_blank\" rel=\"noopener\">Joseph Karge (1823 &#8211; 1892)<\/a>.<\/p>\n<p>Ungekl\u00e4rt ist noch immer, weshalb ihre Eltern Tobias und Ewa Fugl in den das Dorf Troszczyn betreffenden Kirchenb\u00fcchern sp\u00e4ter nicht mehr verzeichnet sind. Clara sollte auch weiterhin in Troszczyn gelebt haben oder sie hat die Verbindung zu ihrem Geburtsort nie aufgegeben.<\/p>\n<p>Bisher gibt es auch keine Hinweise auf weitere Kinder des Paares Tobias und Ewa Fugl. Nach meinen bisherigen Erfahrungen sollte Clara mehrere Geschwister gehabt haben. Einzelkinder waren damals gerade bei der Landbev\u00f6lkerung eher selten. &#8211; Gibt man der Spekulation freien Raum, k\u00f6nnten Clara Fugl (1754 &#8211; 1810) und mein \u00e4ltester Vorfahr Andreas Vogel (1739 &#8211; 1809) Geschwister gewesen sein. Der Altersunterschied von nur 15 Jahren w\u00e4re durchaus ein Indiz, aber noch lange kein Beweis.<\/p>\n<p>In meiner Datenbank findet sich eine weitere Familie Vogel: Joannis und Anna Rosina Fogiel. Joannis wurde bereits um 1718 geboren. Mittlerweile schlie\u00dfe ich aus, dass Joannis Fogiel (1718 -1798) und mein Vorfahr Andreas Vogel (1739 &#8211; 1809) Geschwister waren. Vielleicht waren Joannis und Tobias Br\u00fcder?<\/p>\n","protected":false},"excerpt":{"rendered":"<p>In einem fr\u00fcheren Beitrag hatte ich \u00fcber den Taufeintrag von Clara Fugl (1754 &#8211; 1810) zur Taufe am 16.04.1754 berichtet. Bei der Aufkl\u00e4rung des weiteren Lebensweges gab es einen Hinweis \u00fcber die Seite MyHeritage.de. Clara heiratete Antoni Karge (1736 &#8211; 1821) und ist damit die Gro\u00dfmutter des wahrscheinlich ber\u00fchmtesten Sohnes der Stadt Opalenica: Joseph Karge [&hellip;]<\/p>\n","protected":false},"author":1,"featured_media":0,"comment_status":"closed","ping_status":"closed","sticky":false,"template":"","format":"standard","meta":{"footnotes":""},"categories":[1],"tags":[],"class_list":["post-1884","post","type-post","status-publish","format-standard","hentry","category-allgemein"],"_links":{"self":[{"href":"https:\/\/genblog.dl5sel.de\/index.php?rest_route=\/wp\/v2\/posts\/1884","targetHints":{"allow":["GET"]}}],"collection":[{"href":"https:\/\/genblog.dl5sel.de\/index.php?rest_route=\/wp\/v2\/posts"}],"about":[{"href":"https:\/\/genblog.dl5sel.de\/index.php?rest_route=\/wp\/v2\/types\/post"}],"author":[{"embeddable":true,"href":"https:\/\/genblog.dl5sel.de\/index.php?rest_route=\/wp\/v2\/users\/1"}],"replies":[{"embeddable":true,"href":"https:\/\/genblog.dl5sel.de\/index.php?rest_route=%2Fwp%2Fv2%2Fcomments&post=1884"}],"version-history":[{"count":4,"href":"https:\/\/genblog.dl5sel.de\/index.php?rest_route=\/wp\/v2\/posts\/1884\/revisions"}],"predecessor-version":[{"id":1888,"href":"https:\/\/genblog.dl5sel.de\/index.php?rest_route=\/wp\/v2\/posts\/1884\/revisions\/1888"}],"wp:attachment":[{"href":"https:\/\/genblog.dl5sel.de\/index.php?rest_route=%2Fwp%2Fv2%2Fmedia&parent=1884"}],"wp:term":[{"taxonomy":"category","embeddable":true,"href":"https:\/\/genblog.dl5sel.de\/index.php?rest_route=%2Fwp%2Fv2%2Fcategories&post=1884"},{"taxonomy":"post_tag","embeddable":true,"href":"https:\/\/genblog.dl5sel.de\/index.php?rest_route=%2Fwp%2Fv2%2Ftags&post=1884"}],"curies":[{"name":"wp","href":"https:\/\/api.w.org\/{rel}","templated":true}]}}